{"id":621,"date":"2016-01-15T19:14:45","date_gmt":"2016-01-15T18:14:45","guid":{"rendered":"https:\/\/www.amf87.fr\/blog\/?p=621"},"modified":"2017-06-05T19:15:08","modified_gmt":"2017-06-05T17:15:08","slug":"les-nouvelles-du-15-janvier-2016","status":"publish","type":"post","link":"https:\/\/www.amf87.fr\/blog\/2016\/01\/15\/les-nouvelles-du-15-janvier-2016\/","title":{"rendered":"Les nouvelles du 15 janvier 2016"},"content":{"rendered":"<p style=\"text-align: center;\"><span style=\"text-decoration: underline;\"><b><span style=\"font-family: Arial, Helvetica, Univers, 'Zurich BT';\">Mettez le couvert!<\/span><\/b><\/span><\/p>\n<p style=\"text-align: left;\"><span style=\"color: #ac0000; font-size: small;\">C<\/span><span style=\"font-size: 12pt; font-family: arial, helvetica, sans-serif;\">ap \u00e0 l&rsquo;Ouest avec la mise en fabrication imminente du petit couvert Etat annonc\u00e9 lors de Railexpo, comme j&rsquo;aime faire des surprises, son grand fr\u00e8re appartenant lui aussi \u00e0 la famille des couverts \u00ab\u00a0Etat I\u00a0\u00bb va sortir simultan\u00e9ment. Ce wagon dessin\u00e9 presque int\u00e9gralement depuis 2012\/2013 est issu directement du dessin de la cochonni\u00e8re PO qui \u00e9tait en r\u00e9alit\u00e9 un couvert Etat I transform\u00e9.<\/span><\/p>\n<p style=\"text-align: left;\"><a href=\"https:\/\/www.amf87.fr\/blog\/wp-content\/uploads\/2017\/06\/k279couvertetat1.jpg\" class=\"gallery_colorbox\"><img loading=\"lazy\" class=\"alignnone size-full wp-image-623\" src=\"https:\/\/www.amf87.fr\/blog\/wp-content\/uploads\/2017\/06\/k279couvertetat1.jpg\"  alt=\"\" width=\"800\" height=\"421\" srcset=\"https:\/\/www.amf87.fr\/blog\/wp-content\/uploads\/2017\/06\/k279couvertetat1.jpg 800w, https:\/\/www.amf87.fr\/blog\/wp-content\/uploads\/2017\/06\/k279couvertetat1-300x158.jpg 300w, https:\/\/www.amf87.fr\/blog\/wp-content\/uploads\/2017\/06\/k279couvertetat1-768x404.jpg 768w\" sizes=\"(max-width: 767px) 89vw, (max-width: 1000px) 54vw, (max-width: 1071px) 543px, 580px\" \/><\/a><\/p>\n<p><a href=\"https:\/\/www.amf87.fr\/blog\/wp-content\/uploads\/2017\/06\/k277couvertetat1court.jpg\" class=\"gallery_colorbox\"><img loading=\"lazy\" class=\"alignnone wp-image-622 size-full\" src=\"https:\/\/www.amf87.fr\/blog\/wp-content\/uploads\/2017\/06\/k277couvertetat1court.jpg\"  alt=\"\" width=\"800\" height=\"462\" srcset=\"https:\/\/www.amf87.fr\/blog\/wp-content\/uploads\/2017\/06\/k277couvertetat1court.jpg 800w, https:\/\/www.amf87.fr\/blog\/wp-content\/uploads\/2017\/06\/k277couvertetat1court-300x173.jpg 300w, https:\/\/www.amf87.fr\/blog\/wp-content\/uploads\/2017\/06\/k277couvertetat1court-768x444.jpg 768w\" sizes=\"(max-width: 767px) 89vw, (max-width: 1000px) 54vw, (max-width: 1071px) 543px, 580px\" \/><\/a><\/p>\n<p><span style=\"font-size: 12pt; font-family: arial, helvetica, sans-serif;\">Tant qu&rsquo;\u00e0 faire des surprises, autant aller jusqu&rsquo;au bout et proposer aussi la d\u00e9clinaison fourgon issue du couvert \u00ab\u00a0normal\u00a0\u00bb r\u00e9alis\u00e9e apr\u00e8s guerre par la SNCF pour remplacer les fourgons les plus anciens issus des anciennes compagnies dont la reconstruction aurait cout\u00e9 bien plus cher que la transformation effectu\u00e9e sur de simples couverts.<\/span><\/p>\n<p><a href=\"https:\/\/www.amf87.fr\/blog\/wp-content\/uploads\/2017\/06\/k280fourgonetat1.jpg\" class=\"gallery_colorbox\"><img loading=\"lazy\" class=\"alignnone size-full wp-image-624\" src=\"https:\/\/www.amf87.fr\/blog\/wp-content\/uploads\/2017\/06\/k280fourgonetat1.jpg\"  alt=\"\" width=\"800\" height=\"439\" srcset=\"https:\/\/www.amf87.fr\/blog\/wp-content\/uploads\/2017\/06\/k280fourgonetat1.jpg 800w, https:\/\/www.amf87.fr\/blog\/wp-content\/uploads\/2017\/06\/k280fourgonetat1-300x165.jpg 300w, https:\/\/www.amf87.fr\/blog\/wp-content\/uploads\/2017\/06\/k280fourgonetat1-768x421.jpg 768w\" sizes=\"(max-width: 767px) 89vw, (max-width: 1000px) 54vw, (max-width: 1071px) 543px, 580px\" \/><br \/>\n<\/a><span style=\"font-size: 12pt; font-family: arial, helvetica, sans-serif;\">Les deux mod\u00e8les de couverts datent du d\u00e9but du si\u00e8cle pr\u00e9c\u00e9dent puisque construits des 1900 en quantit\u00e9 impressionnante, ils ont donc connu la Cie de l&rsquo;Ouest, puis les Chemins de fer de l&rsquo;Etat et enfin la SNCF qui r\u00e9forma les mod\u00e8les courts \u00e0 la fin des ann\u00e9es 50 et les mod\u00e8les longs 10 ans plus tard sans appliquer le marquage UIC, ils roul\u00e8rent absolument partout, tout comme les couverts 20t Est et PO d\u00e9j\u00e0 reproduits chez nous et aussi les couverts Nord Huet, tout \u00e9tait m\u00e9lang\u00e9, de nombreuses photos les montrent de telles rames compl\u00e9tement disparates dans de nombreux ouvrages. Une partie des couverts fut livr\u00e9 avec une gu\u00e9rite semi ouverte, celle ci sera propos\u00e9e ult\u00e9rieurement en option (uniquement si la demande est suffisante). Le fourgon M quant \u00e0 lui est purement SNCF (1946\/48), les derniers roul\u00e8rent jusqu&rsquo;\u00e0 la fin de la vapeur et pas qu&rsquo;\u00e0 l&rsquo;Ouest, on en retrouvait aussi sur le sud-ouest au crochet des 141TA et aussi sur l&rsquo;Est et le Sud-Est. Notre photo montre ainsi un exemplaire en marquages UIC attel\u00e9 \u00e0 un couvert Gas typique des seventies.<\/span><\/p>\n<p><span style=\"font-size: 12pt; font-family: arial, helvetica, sans-serif;\">Comme \u00e0 notre habitude, ces kits seront 100% en photodecoupe et fonderie maillechort, roues AMF NEM ou P87, tampons \u00e0 ressorts en option, portes montables ouvertes ou ferm\u00e9es, suspension par paliers flottants, marquages conformes en decalcomanies \u00e0 l&rsquo;eau&#8230;<\/span><\/p>\n<p><span style=\"font-size: 12pt; font-family: arial, helvetica, sans-serif;\">Merci de r\u00e9server des \u00e0 pr\u00e9sent ces kits afin de planifier les quantit\u00e9s \u00e0 produire!<\/span><\/p>\n<p><span style=\"font-size: 12pt; font-family: arial, helvetica, sans-serif;\">Pour vous faire une id\u00e9e du niveau de d\u00e9tail de ces wagons, voici pour m\u00e9moire des\u00a0photos de notre cochonni\u00e8re PO qui comme expliqu\u00e9 plus haut sert de base \u00e0 ces mod\u00e8les:<br \/>\n<a href=\"https:\/\/www.amf87.fr\/blog\/wp-content\/uploads\/2017\/06\/k242a.jpg\" class=\"gallery_colorbox\"><img loading=\"lazy\" class=\"alignnone size-full wp-image-625\" src=\"https:\/\/www.amf87.fr\/blog\/wp-content\/uploads\/2017\/06\/k242a.jpg\"  alt=\"\" width=\"800\" height=\"600\" srcset=\"https:\/\/www.amf87.fr\/blog\/wp-content\/uploads\/2017\/06\/k242a.jpg 800w, https:\/\/www.amf87.fr\/blog\/wp-content\/uploads\/2017\/06\/k242a-300x225.jpg 300w, https:\/\/www.amf87.fr\/blog\/wp-content\/uploads\/2017\/06\/k242a-768x576.jpg 768w\" sizes=\"(max-width: 767px) 89vw, (max-width: 1000px) 54vw, (max-width: 1071px) 543px, 580px\" \/><\/a> <a href=\"https:\/\/www.amf87.fr\/blog\/wp-content\/uploads\/2017\/06\/k242c.jpg\" class=\"gallery_colorbox\"><img loading=\"lazy\" class=\"alignnone size-full wp-image-626\" src=\"https:\/\/www.amf87.fr\/blog\/wp-content\/uploads\/2017\/06\/k242c.jpg\"  alt=\"\" width=\"800\" height=\"600\" srcset=\"https:\/\/www.amf87.fr\/blog\/wp-content\/uploads\/2017\/06\/k242c.jpg 800w, https:\/\/www.amf87.fr\/blog\/wp-content\/uploads\/2017\/06\/k242c-300x225.jpg 300w, https:\/\/www.amf87.fr\/blog\/wp-content\/uploads\/2017\/06\/k242c-768x576.jpg 768w\" sizes=\"(max-width: 767px) 89vw, (max-width: 1000px) 54vw, (max-width: 1071px) 543px, 580px\" \/><\/a><br \/>\n<\/span><\/p>\n<p><a href=\"https:\/\/www.amf87.fr\/blog\/wp-content\/uploads\/2017\/06\/voeux2016b.jpg\" class=\"gallery_colorbox\"><img loading=\"lazy\" class=\"alignnone size-full wp-image-627\" src=\"https:\/\/www.amf87.fr\/blog\/wp-content\/uploads\/2017\/06\/voeux2016b.jpg\"  alt=\"\" width=\"800\" height=\"600\" srcset=\"https:\/\/www.amf87.fr\/blog\/wp-content\/uploads\/2017\/06\/voeux2016b.jpg 800w, https:\/\/www.amf87.fr\/blog\/wp-content\/uploads\/2017\/06\/voeux2016b-300x225.jpg 300w, https:\/\/www.amf87.fr\/blog\/wp-content\/uploads\/2017\/06\/voeux2016b-768x576.jpg 768w\" sizes=\"(max-width: 767px) 89vw, (max-width: 1000px) 54vw, (max-width: 1071px) 543px, 580px\" \/><\/a><\/p>\n<p>&nbsp;<\/p>\n<p>&nbsp;<\/p>\n","protected":false},"excerpt":{"rendered":"<p>Mettez le couvert! Cap \u00e0 l&rsquo;Ouest avec la mise en fabrication imminente du petit couvert Etat annonc\u00e9 lors de Railexpo, comme j&rsquo;aime faire des surprises, son grand fr\u00e8re appartenant lui aussi \u00e0 la famille des couverts \u00ab\u00a0Etat I\u00a0\u00bb va sortir simultan\u00e9ment. Ce wagon dessin\u00e9 presque int\u00e9gralement depuis 2012\/2013 est issu directement du dessin de la &hellip; <\/p>\n<p class=\"link-more\"><a href=\"https:\/\/www.amf87.fr\/blog\/2016\/01\/15\/les-nouvelles-du-15-janvier-2016\/\" class=\"more-link\">Continuer la lecture<span class=\"screen-reader-text\"> de &laquo;&nbsp;Les nouvelles du 15 janvier 2016&nbsp;&raquo;<\/span><\/a><\/p>\n","protected":false},"author":1,"featured_media":0,"comment_status":"closed","ping_status":"open","sticky":false,"template":"","format":"standard","meta":[],"categories":[1],"tags":[],"_links":{"self":[{"href":"https:\/\/www.amf87.fr\/blog\/wp-json\/wp\/v2\/posts\/621"}],"collection":[{"href":"https:\/\/www.amf87.fr\/blog\/wp-json\/wp\/v2\/posts"}],"about":[{"href":"https:\/\/www.amf87.fr\/blog\/wp-json\/wp\/v2\/types\/post"}],"author":[{"embeddable":true,"href":"https:\/\/www.amf87.fr\/blog\/wp-json\/wp\/v2\/users\/1"}],"replies":[{"embeddable":true,"href":"https:\/\/www.amf87.fr\/blog\/wp-json\/wp\/v2\/comments?post=621"}],"version-history":[{"count":2,"href":"https:\/\/www.amf87.fr\/blog\/wp-json\/wp\/v2\/posts\/621\/revisions"}],"predecessor-version":[{"id":629,"href":"https:\/\/www.amf87.fr\/blog\/wp-json\/wp\/v2\/posts\/621\/revisions\/629"}],"wp:attachment":[{"href":"https:\/\/www.amf87.fr\/blog\/wp-json\/wp\/v2\/media?parent=621"}],"wp:term":[{"taxonomy":"category","embeddable":true,"href":"https:\/\/www.amf87.fr\/blog\/wp-json\/wp\/v2\/categories?post=621"},{"taxonomy":"post_tag","embeddable":true,"href":"https:\/\/www.amf87.fr\/blog\/wp-json\/wp\/v2\/tags?post=621"}],"curies":[{"name":"wp","href":"https:\/\/api.w.org\/{rel}","templated":true}]}}