{"id":3418,"date":"2026-03-12T14:36:43","date_gmt":"2026-03-12T13:36:43","guid":{"rendered":"https:\/\/www.amf87.fr\/blog\/?p=3418"},"modified":"2026-03-12T14:36:43","modified_gmt":"2026-03-12T13:36:43","slug":"le-point-du-premier-trimestre","status":"publish","type":"post","link":"https:\/\/www.amf87.fr\/blog\/2026\/03\/12\/le-point-du-premier-trimestre\/","title":{"rendered":"Le point du premier trimestre."},"content":{"rendered":"\n<p>D\u00e9j\u00e0 le mois de mars et les beaux jours qui commencent \u00e0 arriver dans un contexte encore une fois chamboul\u00e9 par cette lourde actualit\u00e9 quotidienne&#8230; J&rsquo;ai peu communiqu\u00e9 ces derni\u00e8res semaines, le mois de janvier a \u00e9t\u00e9 compliqu\u00e9 par un gros virus hivernal puis des contraintes familiales qui se sont enchain\u00e9es jusque encore la semaine derni\u00e8re en prenant du temps et beaucoup d&rsquo;\u00e9nergie, tout cela cumul\u00e9 et je vous en remercie grandement \u00e0 vos tr\u00e8s nombreuses commandes!<\/p>\n\n\n\n<p>Malgr\u00e9 tout cela, j&rsquo;ai lanc\u00e9 comme indiqu\u00e9 d\u00e9but f\u00e9vrier la fabrication des photod\u00e9coupes de s\u00e9rie des 040T PLM\/SNCF que j&rsquo;attends encore aujourd&rsquo;hui&#8230; Le graveur fait au mieux pour un envoi en fin de semaine avec beaucoup de retard par rapport au d\u00e9lai habituel (qui devient de plus en plus inhabituel justement&#8230;). M\u00eame punition pour les plaques d&rsquo;immatriculation personnalis\u00e9es ou encore le c\u00e9r\u00e9alier Richard et le r\u00e9assort du pulv\u00e9rulent \u00e9ponyme&#8230;<\/p>\n\n\n\n<figure class=\"wp-block-gallery columns-2 is-cropped\"><ul class=\"blocks-gallery-grid\"><li class=\"blocks-gallery-item\"><figure><img loading=\"lazy\" width=\"800\" height=\"499\" src=\"https:\/\/www.amf87.fr\/blog\/wp-content\/uploads\/2025\/12\/k3102cerealierrichardreel.jpg\" alt=\"\" data-id=\"3377\" data-full-url=\"https:\/\/www.amf87.fr\/blog\/wp-content\/uploads\/2025\/12\/k3102cerealierrichardreel.jpg\" data-link=\"https:\/\/www.amf87.fr\/blog\/2025\/12\/24\/les-dernieres-nouveautes-2025\/k3102cerealierrichardreel\/\" class=\"wp-image-3377\" srcset=\"https:\/\/www.amf87.fr\/blog\/wp-content\/uploads\/2025\/12\/k3102cerealierrichardreel.jpg 800w, https:\/\/www.amf87.fr\/blog\/wp-content\/uploads\/2025\/12\/k3102cerealierrichardreel-300x187.jpg 300w, https:\/\/www.amf87.fr\/blog\/wp-content\/uploads\/2025\/12\/k3102cerealierrichardreel-768x479.jpg 768w\" sizes=\"(max-width: 767px) 89vw, (max-width: 1000px) 54vw, (max-width: 1071px) 543px, 580px\" \/><\/figure><\/li><li class=\"blocks-gallery-item\"><figure><img loading=\"lazy\" width=\"800\" height=\"562\" src=\"https:\/\/www.amf87.fr\/blog\/wp-content\/uploads\/2025\/02\/k310saintgob2.jpg\" alt=\"\" data-id=\"3184\" data-full-url=\"https:\/\/www.amf87.fr\/blog\/wp-content\/uploads\/2025\/02\/k310saintgob2.jpg\" data-link=\"https:\/\/www.amf87.fr\/blog\/2025\/02\/04\/le-pulverulent-richard-est-disponible\/k310saintgob2\/\" class=\"wp-image-3184\" srcset=\"https:\/\/www.amf87.fr\/blog\/wp-content\/uploads\/2025\/02\/k310saintgob2.jpg 800w, https:\/\/www.amf87.fr\/blog\/wp-content\/uploads\/2025\/02\/k310saintgob2-300x211.jpg 300w, https:\/\/www.amf87.fr\/blog\/wp-content\/uploads\/2025\/02\/k310saintgob2-768x540.jpg 768w\" sizes=\"(max-width: 767px) 89vw, (max-width: 1000px) 54vw, (max-width: 1071px) 543px, 580px\" \/><\/figure><\/li><\/ul><\/figure>\n\n\n\n<p>En attendant, j&rsquo;ai profit\u00e9 de la remont\u00e9e des temp\u00e9ratures dans l&rsquo;atelier de fonderie pour fabriquer le moule des capots du locotracteur VFIL, essais de coul\u00e9es et r\u00e9glages de celui-ci demain en m\u00eame temps que la fabrication des Pacific Type 10 SNCB, ces moulages devront ensuite attendre la prochaine fourn\u00e9e de photod\u00e9coupe qui sera lanc\u00e9e sous peu.<\/p>\n\n\n\n<figure class=\"wp-block-gallery columns-2 is-cropped\"><ul class=\"blocks-gallery-grid\"><li class=\"blocks-gallery-item\"><figure><img loading=\"lazy\" width=\"800\" height=\"521\" src=\"https:\/\/www.amf87.fr\/blog\/wp-content\/uploads\/2025\/10\/k041vflcassiau.jpg\" alt=\"\" data-id=\"3296\" data-full-url=\"https:\/\/www.amf87.fr\/blog\/wp-content\/uploads\/2025\/10\/k041vflcassiau.jpg\" data-link=\"https:\/\/www.amf87.fr\/blog\/2025\/10\/29\/quoi-de-neuf-ces-derniers-jours-chez-model-loco-france\/k041vflcassiau\/\" class=\"wp-image-3296\" srcset=\"https:\/\/www.amf87.fr\/blog\/wp-content\/uploads\/2025\/10\/k041vflcassiau.jpg 800w, https:\/\/www.amf87.fr\/blog\/wp-content\/uploads\/2025\/10\/k041vflcassiau-300x195.jpg 300w, https:\/\/www.amf87.fr\/blog\/wp-content\/uploads\/2025\/10\/k041vflcassiau-768x500.jpg 768w\" sizes=\"(max-width: 767px) 89vw, (max-width: 1000px) 54vw, (max-width: 1071px) 543px, 580px\" \/><\/figure><\/li><li class=\"blocks-gallery-item\"><figure><img loading=\"lazy\" width=\"800\" height=\"320\" src=\"https:\/\/www.amf87.fr\/blog\/wp-content\/uploads\/2025\/10\/e310type10.jpg\" alt=\"\" data-id=\"3293\" data-full-url=\"https:\/\/www.amf87.fr\/blog\/wp-content\/uploads\/2025\/10\/e310type10.jpg\" data-link=\"https:\/\/www.amf87.fr\/blog\/2025\/10\/29\/quoi-de-neuf-ces-derniers-jours-chez-model-loco-france\/e310type10\/\" class=\"wp-image-3293\" srcset=\"https:\/\/www.amf87.fr\/blog\/wp-content\/uploads\/2025\/10\/e310type10.jpg 800w, https:\/\/www.amf87.fr\/blog\/wp-content\/uploads\/2025\/10\/e310type10-300x120.jpg 300w, https:\/\/www.amf87.fr\/blog\/wp-content\/uploads\/2025\/10\/e310type10-768x307.jpg 768w\" sizes=\"(max-width: 767px) 89vw, (max-width: 1000px) 54vw, (max-width: 1071px) 543px, 580px\" \/><\/figure><\/li><\/ul><\/figure>\n\n\n\n<p>Cette prochaine fourn\u00e9e de photod\u00e9coupe va aussi inclure un correctif pour le ch\u00e2ssis des 131T Baldwin Saddle Tank, le film r\u00e9cup\u00e9r\u00e9 chez DJH globalement en bon \u00e9tat pr\u00e9sentait des d\u00e9fauts au niveau des port\u00e9es d&rsquo;essieux, peu visibles avant fabrication mais flagrants sur les tirages qui obligeait \u00e0 des ajustements d\u00e9licats. Cela m&rsquo;a permis de reprendre et d&rsquo;am\u00e9liorer l&rsquo;assemblage de la m\u00e9canique mais rallonge encore l&rsquo;attente pour les rares r\u00e9servataires de ce kit.<\/p>\n\n\n\n<figure class=\"wp-block-gallery columns-1 is-cropped\"><ul class=\"blocks-gallery-grid\"><li class=\"blocks-gallery-item\"><figure><img loading=\"lazy\" width=\"800\" height=\"383\" src=\"https:\/\/www.amf87.fr\/blog\/wp-content\/uploads\/2021\/06\/type57.jpg\" alt=\"\" data-id=\"2227\" data-full-url=\"https:\/\/www.amf87.fr\/blog\/wp-content\/uploads\/2021\/06\/type57.jpg\" data-link=\"https:\/\/www.amf87.fr\/blog\/2021\/06\/14\/reprise-des-kits-jocadis-djh\/type57\/\" class=\"wp-image-2227\" srcset=\"https:\/\/www.amf87.fr\/blog\/wp-content\/uploads\/2021\/06\/type57.jpg 800w, https:\/\/www.amf87.fr\/blog\/wp-content\/uploads\/2021\/06\/type57-300x144.jpg 300w, https:\/\/www.amf87.fr\/blog\/wp-content\/uploads\/2021\/06\/type57-768x368.jpg 768w\" sizes=\"(max-width: 767px) 89vw, (max-width: 1000px) 54vw, (max-width: 1071px) 543px, 580px\" \/><\/figure><\/li><\/ul><\/figure>\n\n\n\n<p>Toujours dans ce tirage \u00e0 venir, le dossier des tombereaux ARBEL que j&rsquo;ai remont\u00e9 du fond de la pile. L&rsquo;\u00e9tude est termin\u00e9e, un tirage de validation doit \u00eatre lanc\u00e9 avant la prod de s\u00e9rie. J&rsquo;en profite pour faire un point d\u00e9taill\u00e9 sur les 3 r\u00e9f\u00e9rences propos\u00e9es:<\/p>\n\n\n\n<p>-K3121 tombereau Arbel 3 portes version d&rsquo;origine et modifi\u00e9:<br>200 de ces wagons ont \u00e9t\u00e9s construits \u00e0 partir de 1933 en version normal et une autre s\u00e9rie de 110 avec r\u00e9hausses en bois ou en m\u00e9tal pour le transport de coke remis au type normal au fur et \u00e0 mesure des livraisons des tr\u00e9mies \u00e0 d\u00e9chargement lat\u00e9ral plus modernes et plus faciles \u00e0 d\u00e9charger (cette version \u00e0 r\u00e9hausse n&rsquo;est pour l&rsquo;instant pas propos\u00e9e). Les faces de ces wagons \u00e9taient d&rsquo;origine en pointe de diamant avec portes \u00e0 cadres rivet\u00e9es \u00ab\u00a0classiques\u00a0\u00bb (seule version compatible marquages NORD). A partir de 1947 un prototype subit des essais de remplacements des portes et de panneaux par des alliages \u00ab\u00a0alumag\u00a0\u00bb et \u00ab\u00a0durcilium\u00a0\u00bb, ces essais concluants entrainent la modification d&rsquo;une partie de la s\u00e9rie qui perd alors ses pointes de diamants au profits de panneaux lisses (qui facilitent la vie du monteur de kit) et de portes embouties similaires \u00e0 celles du tombereau \u00e0 4 portes. Il est probable qu&rsquo;ils perdent leur gu\u00e9rite \u00e0 cette occasion. Cette r\u00e9f\u00e9rence permet de r\u00e9aliser ces 2 variantes. Les bogies type Arbel sont d&rsquo;un nouveau mod\u00e8le r\u00e9alis\u00e9s en photod\u00e9coupe avec paliers coniques et roues \u00e0 axes \u00e0 pointes.<\/p>\n\n\n\n<figure class=\"wp-block-gallery columns-1 is-cropped\"><ul class=\"blocks-gallery-grid\"><li class=\"blocks-gallery-item\"><figure><img loading=\"lazy\" width=\"799\" height=\"300\" src=\"https:\/\/www.amf87.fr\/blog\/wp-content\/uploads\/2026\/03\/arbelvo.jpg\" alt=\"\" data-id=\"3419\" data-full-url=\"https:\/\/www.amf87.fr\/blog\/wp-content\/uploads\/2026\/03\/arbelvo.jpg\" data-link=\"https:\/\/www.amf87.fr\/blog\/?attachment_id=3419\" class=\"wp-image-3419\" srcset=\"https:\/\/www.amf87.fr\/blog\/wp-content\/uploads\/2026\/03\/arbelvo.jpg 799w, https:\/\/www.amf87.fr\/blog\/wp-content\/uploads\/2026\/03\/arbelvo-300x113.jpg 300w, https:\/\/www.amf87.fr\/blog\/wp-content\/uploads\/2026\/03\/arbelvo-768x288.jpg 768w\" sizes=\"(max-width: 767px) 89vw, (max-width: 1000px) 54vw, (max-width: 1071px) 543px, 580px\" \/><figcaption class=\"blocks-gallery-item__caption\">version Nord d&rsquo;origine<\/figcaption><\/figure><\/li><li class=\"blocks-gallery-item\"><figure><img loading=\"lazy\" width=\"799\" height=\"358\" src=\"https:\/\/www.amf87.fr\/blog\/wp-content\/uploads\/2026\/03\/arbelvo2.jpg\" alt=\"\" data-id=\"3420\" data-full-url=\"https:\/\/www.amf87.fr\/blog\/wp-content\/uploads\/2026\/03\/arbelvo2.jpg\" data-link=\"https:\/\/www.amf87.fr\/blog\/?attachment_id=3420\" class=\"wp-image-3420\" srcset=\"https:\/\/www.amf87.fr\/blog\/wp-content\/uploads\/2026\/03\/arbelvo2.jpg 799w, https:\/\/www.amf87.fr\/blog\/wp-content\/uploads\/2026\/03\/arbelvo2-300x134.jpg 300w, https:\/\/www.amf87.fr\/blog\/wp-content\/uploads\/2026\/03\/arbelvo2-768x344.jpg 768w\" sizes=\"(max-width: 767px) 89vw, (max-width: 1000px) 54vw, (max-width: 1071px) 543px, 580px\" \/><figcaption class=\"blocks-gallery-item__caption\">photo sortie d&rsquo;usine avant application de la raison sociale<\/figcaption><\/figure><\/li><li class=\"blocks-gallery-item\"><figure><img loading=\"lazy\" width=\"1024\" height=\"737\" src=\"https:\/\/www.amf87.fr\/blog\/wp-content\/uploads\/2026\/03\/TH-arbel-5489-1024x737.jpg\" alt=\"\" data-id=\"3421\" data-full-url=\"https:\/\/www.amf87.fr\/blog\/wp-content\/uploads\/2026\/03\/TH-arbel-5489-scaled.jpg\" data-link=\"https:\/\/www.amf87.fr\/blog\/?attachment_id=3421\" class=\"wp-image-3421\" srcset=\"https:\/\/www.amf87.fr\/blog\/wp-content\/uploads\/2026\/03\/TH-arbel-5489-1024x737.jpg 1024w, https:\/\/www.amf87.fr\/blog\/wp-content\/uploads\/2026\/03\/TH-arbel-5489-300x216.jpg 300w, https:\/\/www.amf87.fr\/blog\/wp-content\/uploads\/2026\/03\/TH-arbel-5489-768x553.jpg 768w, https:\/\/www.amf87.fr\/blog\/wp-content\/uploads\/2026\/03\/TH-arbel-5489-1536x1105.jpg 1536w, https:\/\/www.amf87.fr\/blog\/wp-content\/uploads\/2026\/03\/TH-arbel-5489-2048x1474.jpg 2048w\" sizes=\"(max-width: 767px) 89vw, (max-width: 1000px) 54vw, (max-width: 1071px) 543px, 580px\" \/><figcaption class=\"blocks-gallery-item__caption\">version modifi\u00e9e apr\u00e8s 1947, panneaux lisses, portes embouties<\/figcaption><\/figure><\/li><\/ul><\/figure>\n\n\n\n<p>-K3122 tombereau Arbel 3 portes \u00e0 panneaux emboutis \u00e0 pans coup\u00e9s:<br>Un nombre ind\u00e9termin\u00e9 de wagons re\u00e7oit des panneaux emboutis \u00e0 pans coup\u00e9s par voie d&rsquo;entretien, ce type de panneaux pr\u00e9fabriqu\u00e9s \u00e9taient propos\u00e9s en pi\u00e8ces d\u00e9tach\u00e9es par les constructeurs de wagons et \u00e9quipaient aussi d&rsquo;autres s\u00e9ries de tombereaux modifi\u00e9s ou reconstruits dans les ann\u00e9es 50\/60.<\/p>\n\n\n\n<figure class=\"wp-block-image size-large\"><img loading=\"lazy\" width=\"800\" height=\"491\" src=\"https:\/\/www.amf87.fr\/blog\/wp-content\/uploads\/2025\/04\/k3132tombereauarbel3portesembouti.jpg\" alt=\"\" class=\"wp-image-3222\" srcset=\"https:\/\/www.amf87.fr\/blog\/wp-content\/uploads\/2025\/04\/k3132tombereauarbel3portesembouti.jpg 800w, https:\/\/www.amf87.fr\/blog\/wp-content\/uploads\/2025\/04\/k3132tombereauarbel3portesembouti-300x184.jpg 300w, https:\/\/www.amf87.fr\/blog\/wp-content\/uploads\/2025\/04\/k3132tombereauarbel3portesembouti-768x471.jpg 768w\" sizes=\"(max-width: 767px) 89vw, (max-width: 1000px) 54vw, (max-width: 1071px) 543px, 580px\" \/><\/figure>\n\n\n\n<p>-K3123 tombereau Arbel 4 portes court Usinor-Denain:<br>Ces wagons construits \u00e0 25 exemplaires par Arbel en 1947 ont eu une carri\u00e8re assez courte par rapport \u00e0 leurs ain\u00e9s car radi\u00e9s entre 1955 et 1957. Ils \u00e9taient utilis\u00e9s aussi bien sur la r\u00e9gion Nord, Est (Hirson, Longuyon) que sur la r\u00e9gion Ouest (Caen, Rouen, Argentan, L&rsquo;Aigle\u2026). Parfait pour accompagner non seulement les Decapod habitu\u00e9es aux trains lourds mais aussi sur l&rsquo;Ouest des 141R, 141C, 141P et sans doute 140C. Le kit b\u00e9n\u00e9ficie de bogies sp\u00e9cifiques in\u00e9dits en HO r\u00e9alis\u00e9s en photod\u00e9coupe avec paliers coniques et axes \u00e0 pointes.<\/p>\n\n\n\n<figure class=\"wp-block-image size-large\"><img loading=\"lazy\" width=\"800\" height=\"365\" src=\"https:\/\/www.amf87.fr\/blog\/wp-content\/uploads\/2025\/04\/k3133tombereauarbelcourt.jpg\" alt=\"\" class=\"wp-image-3219\" srcset=\"https:\/\/www.amf87.fr\/blog\/wp-content\/uploads\/2025\/04\/k3133tombereauarbelcourt.jpg 800w, https:\/\/www.amf87.fr\/blog\/wp-content\/uploads\/2025\/04\/k3133tombereauarbelcourt-300x137.jpg 300w, https:\/\/www.amf87.fr\/blog\/wp-content\/uploads\/2025\/04\/k3133tombereauarbelcourt-768x350.jpg 768w\" sizes=\"(max-width: 767px) 89vw, (max-width: 1000px) 54vw, (max-width: 1071px) 543px, 580px\" \/><\/figure>\n\n\n\n<p>Je n&rsquo;ai pas pr\u00e9vu pour le moment de d\u00e9cliner la version d&rsquo;origine en version \u00e0 r\u00e9hausses qu&rsquo;elles soient en bois ou en m\u00e9tal \u00e0 la fois trop \u00e9ph\u00e9m\u00e8res et trop complexes \u00e0 r\u00e9aliser sans surench\u00e9rir exag\u00e9r\u00e9ment le kit. Non seulement la surface de photod\u00e9coupe des r\u00e9hausses proprement d\u00eetes est importante mais il faut aussi pr\u00e9voir les couples de renfort \u00e0 placer entre les r\u00e9hausses soit en surface quasiment l&rsquo;\u00e9quivalent d&rsquo;un wagon \u00e0 2 essieux! sans compter le prix des outillages (un proto, puis un pour la s\u00e9rie) et le temps de dessin&#8230;<\/p>\n\n\n\n<p>Comme indiqu\u00e9, le tirage des kits de validation devrait arriver en avril, puis la s\u00e9rie pour mai\/juin, merci de vous positionner!<\/p>\n\n\n\n<h2>Autres nouveaut\u00e9s:<\/h2>\n\n\n\n<p>Parmi les autres nouveaut\u00e9s de ces derniers jours sur la boutique, notez quelques nouvelles r\u00e9f\u00e9rences de planchers de wagons ARA Productions et aussi 4 nouvelles planches de d\u00e9calc Interdecal pour v\u00e9hicules routiers mais aussi pour le d\u00e9cor. Ce sont en fait les deux m\u00eames planches d\u00e9clin\u00e9es en HO et en O. L&rsquo;une d&rsquo;elle est destin\u00e9e particuli\u00e8rement aux v\u00e9hicules Dinky-Toys en O, certains mod\u00e8les L&rsquo;Obsidienne en HO \u00e9taient largement inspir\u00e9s de ces mod\u00e8les, j&rsquo;ai demand\u00e9 \u00e0 Interdecal de la d\u00e9cliner en HO, c&rsquo;est arriv\u00e9 ce matin et ca permet de d\u00e9corer aussi bien d&rsquo;autres v\u00e9hicules. L&rsquo;autre planche pr\u00e9vue \u00e0 la base pour des 203 tol\u00e9es en O est \u00e9galement int\u00e9ressante pour d\u00e9corer des camions en HO ou r\u00e9aliser des publicit\u00e9s murales. Elle a aussi \u00e9t\u00e9 d\u00e9clin\u00e9e en HO et permet alors de d\u00e9corer des utilitaires.<\/p>\n\n\n\n<figure class=\"wp-block-gallery columns-2 is-cropped\"><ul class=\"blocks-gallery-grid\"><li class=\"blocks-gallery-item\"><figure><img loading=\"lazy\" width=\"318\" height=\"725\" src=\"https:\/\/www.amf87.fr\/blog\/wp-content\/uploads\/2026\/03\/LIV2-43.jpg\" alt=\"\" data-id=\"3424\" data-full-url=\"https:\/\/www.amf87.fr\/blog\/wp-content\/uploads\/2026\/03\/LIV2-43.jpg\" data-link=\"https:\/\/www.amf87.fr\/blog\/?attachment_id=3424\" class=\"wp-image-3424\" srcset=\"https:\/\/www.amf87.fr\/blog\/wp-content\/uploads\/2026\/03\/LIV2-43.jpg 318w, https:\/\/www.amf87.fr\/blog\/wp-content\/uploads\/2026\/03\/LIV2-43-132x300.jpg 132w\" sizes=\"(max-width: 318px) 100vw, 318px\" \/><\/figure><\/li><li class=\"blocks-gallery-item\"><figure><img loading=\"lazy\" width=\"318\" height=\"725\" src=\"https:\/\/www.amf87.fr\/blog\/wp-content\/uploads\/2026\/03\/DT1-43.jpg\" alt=\"\" data-id=\"3425\" data-full-url=\"https:\/\/www.amf87.fr\/blog\/wp-content\/uploads\/2026\/03\/DT1-43.jpg\" data-link=\"https:\/\/www.amf87.fr\/blog\/?attachment_id=3425\" class=\"wp-image-3425\" srcset=\"https:\/\/www.amf87.fr\/blog\/wp-content\/uploads\/2026\/03\/DT1-43.jpg 318w, https:\/\/www.amf87.fr\/blog\/wp-content\/uploads\/2026\/03\/DT1-43-132x300.jpg 132w\" sizes=\"(max-width: 318px) 100vw, 318px\" \/><\/figure><\/li><\/ul><\/figure>\n\n\n\n<h2>Nouvelle boutique en ligne bient\u00f4t:<\/h2>\n\n\n\n<p>Apr\u00e8s un faux d\u00e9part il y a un peu plus de 3 ans d\u00e9j\u00e0 suite \u00e0 la cessation d&rsquo;activit\u00e9 du prestataire \u00e0 qui mon webmaster d&rsquo;alors avait confi\u00e9 le job. Ma boutique en ligne va enfin b\u00e9n\u00e9ficier de sa seconde GRG (grande r\u00e9vision g\u00e9n\u00e9rale \u00e0 la SNCF), cette version mise en service en 2015\/2016 est en effet arriv\u00e9e \u00e0 bout de souffle d&rsquo;un point de vu technique et un peu us\u00e9e au niveau esth\u00e9tique. La nouvelle version devrait \u00eatre mise en ligne dans le courant de ce printemps. Tous vos comptes clients et historiques d&rsquo;achats seront bien entendus conserv\u00e9s et accessibles, mais il est possible que vos points de fid\u00e9lit\u00e9 ne puissent \u00eatre r\u00e9cup\u00e9r\u00e9s, je vous invite donc \u00e0 les convertir au plus vite en bons d&rsquo;achats qui eux resteront utilisables durant 1 an. Le passage \u00e0 la nouvelle version sera quasi instantan\u00e9e lorsqu&rsquo;elle sera op\u00e9rationnelle (coupure de quelques heures tout au plus).<\/p>\n","protected":false},"excerpt":{"rendered":"<p>D\u00e9j\u00e0 le mois de mars et les beaux jours qui commencent \u00e0 arriver dans un contexte encore une fois chamboul\u00e9 par cette lourde actualit\u00e9 quotidienne&#8230; J&rsquo;ai peu communiqu\u00e9 ces derni\u00e8res semaines, le mois de janvier a \u00e9t\u00e9 compliqu\u00e9 par un gros virus hivernal puis des contraintes familiales qui se sont enchain\u00e9es jusque encore la semaine &hellip; <\/p>\n<p class=\"link-more\"><a href=\"https:\/\/www.amf87.fr\/blog\/2026\/03\/12\/le-point-du-premier-trimestre\/\" class=\"more-link\">Continuer la lecture<span class=\"screen-reader-text\"> de &laquo;&nbsp;Le point du premier trimestre.&nbsp;&raquo;<\/span><\/a><\/p>\n","protected":false},"author":1,"featured_media":3419,"comment_status":"closed","ping_status":"open","sticky":false,"template":"","format":"standard","meta":[],"categories":[1],"tags":[],"_links":{"self":[{"href":"https:\/\/www.amf87.fr\/blog\/wp-json\/wp\/v2\/posts\/3418"}],"collection":[{"href":"https:\/\/www.amf87.fr\/blog\/wp-json\/wp\/v2\/posts"}],"about":[{"href":"https:\/\/www.amf87.fr\/blog\/wp-json\/wp\/v2\/types\/post"}],"author":[{"embeddable":true,"href":"https:\/\/www.amf87.fr\/blog\/wp-json\/wp\/v2\/users\/1"}],"replies":[{"embeddable":true,"href":"https:\/\/www.amf87.fr\/blog\/wp-json\/wp\/v2\/comments?post=3418"}],"version-history":[{"count":5,"href":"https:\/\/www.amf87.fr\/blog\/wp-json\/wp\/v2\/posts\/3418\/revisions"}],"predecessor-version":[{"id":3428,"href":"https:\/\/www.amf87.fr\/blog\/wp-json\/wp\/v2\/posts\/3418\/revisions\/3428"}],"wp:featuredmedia":[{"embeddable":true,"href":"https:\/\/www.amf87.fr\/blog\/wp-json\/wp\/v2\/media\/3419"}],"wp:attachment":[{"href":"https:\/\/www.amf87.fr\/blog\/wp-json\/wp\/v2\/media?parent=3418"}],"wp:term":[{"taxonomy":"category","embeddable":true,"href":"https:\/\/www.amf87.fr\/blog\/wp-json\/wp\/v2\/categories?post=3418"},{"taxonomy":"post_tag","embeddable":true,"href":"https:\/\/www.amf87.fr\/blog\/wp-json\/wp\/v2\/tags?post=3418"}],"curies":[{"name":"wp","href":"https:\/\/api.w.org\/{rel}","templated":true}]}}