{"id":3009,"date":"2024-02-10T12:20:01","date_gmt":"2024-02-10T11:20:01","guid":{"rendered":"https:\/\/www.amf87.fr\/blog\/?p=3009"},"modified":"2024-02-10T12:20:01","modified_gmt":"2024-02-10T11:20:01","slug":"quoi-de-neuf-ces-dernieres-semaines","status":"publish","type":"post","link":"https:\/\/www.amf87.fr\/blog\/2024\/02\/10\/quoi-de-neuf-ces-dernieres-semaines\/","title":{"rendered":"Quoi de neuf ces derni\u00e8res semaines?"},"content":{"rendered":"\n<p>Apr\u00e8s un mois de janvier bien contrari\u00e9 avec une capsulite \u00e0 l&rsquo;\u00e9paule droite qui m&rsquo;a immobilis\u00e9 le bras. Un grand merci \u00e0 tous pour vos messages d&rsquo;encouragement et de r\u00e9tablissement. Le bonhomme semble remis sur les rails malgr\u00e9 encore un peu de fatigue&#8230; quasiment tous les retards ont \u00e9t\u00e9 r\u00e9sorb\u00e9, reste encore \u00e0 r\u00e9assortir quelques r\u00e9f\u00e9rences de kits pour lesquels j&rsquo;attends une livraison imminente de photod\u00e9coupe.<\/p>\n\n\n\n<p>Cette livraison de photodecoupe contient \u00e9galement les prototypes des plats \u00e0 bogies et ridelles USA-TC 1945 ainsi que ceux du grand tombereau \u00e0 bogies et 4 portes en alliage l\u00e9ger Stemi. Ce dernier b\u00e9n\u00e9ficie d&rsquo;un mod\u00e8le de bogie 100% in\u00e9dit en HO: le bogie type REY de 2m d&#8217;empattement (en g\u00e9n\u00e9ral les wagons sont \u00e9quip\u00e9s de bogies de 1,80m except\u00e9 les TP et WD avec des cotes en pouces), bogie assez proche dans sa conception des bogies Arbel plus connus. Ce bogie est con\u00e7u 100% en m\u00e9tal avec traverses et longerons en photod\u00e9coupe, boites d&rsquo;essieux en fonderie (type OCEM sur le tombereau contrairement \u00e0 la photo ci-dessous), paliers coniques d\u00e9collet\u00e9s (essieux \u00e0 axes \u00e0 pointes), seul entorse au m\u00e9tal les ressorts de suspension et leur cage r\u00e9alis\u00e9s en impression 3D. Il sera sans doute r\u00e9utilis\u00e9 plus tard sous des wagons sp\u00e9cialis\u00e9s.<\/p>\n\n\n\n<figure class=\"wp-block-gallery columns-1 is-cropped\"><ul class=\"blocks-gallery-grid\"><li class=\"blocks-gallery-item\"><figure><img loading=\"lazy\" width=\"800\" height=\"455\" src=\"https:\/\/www.amf87.fr\/blog\/wp-content\/uploads\/2024\/02\/20240121_165119.jpg\" alt=\"\" data-id=\"3010\" data-link=\"https:\/\/www.amf87.fr\/blog\/?attachment_id=3010\" class=\"wp-image-3010\" srcset=\"https:\/\/www.amf87.fr\/blog\/wp-content\/uploads\/2024\/02\/20240121_165119.jpg 800w, https:\/\/www.amf87.fr\/blog\/wp-content\/uploads\/2024\/02\/20240121_165119-300x171.jpg 300w, https:\/\/www.amf87.fr\/blog\/wp-content\/uploads\/2024\/02\/20240121_165119-768x437.jpg 768w\" sizes=\"(max-width: 767px) 89vw, (max-width: 1000px) 54vw, (max-width: 1071px) 543px, 580px\" \/><\/figure><\/li><li class=\"blocks-gallery-item\"><figure><img loading=\"lazy\" width=\"189\" height=\"88\" src=\"https:\/\/www.amf87.fr\/blog\/wp-content\/uploads\/2024\/02\/bogierey.jpg\" alt=\"\" data-id=\"3011\" data-full-url=\"https:\/\/www.amf87.fr\/blog\/wp-content\/uploads\/2024\/02\/bogierey.jpg\" data-link=\"https:\/\/www.amf87.fr\/blog\/?attachment_id=3011\" class=\"wp-image-3011\"\/><\/figure><\/li><\/ul><\/figure>\n\n\n\n<figure class=\"wp-block-gallery columns-1 is-cropped\"><ul class=\"blocks-gallery-grid\"><li class=\"blocks-gallery-item\"><figure><img loading=\"lazy\" width=\"800\" height=\"326\" src=\"https:\/\/www.amf87.fr\/blog\/wp-content\/uploads\/2023\/04\/k306tombereaustemi.jpg\" alt=\"\" data-id=\"2908\" data-full-url=\"https:\/\/www.amf87.fr\/blog\/wp-content\/uploads\/2023\/04\/k306tombereaustemi.jpg\" data-link=\"https:\/\/www.amf87.fr\/blog\/2023\/04\/08\/nouveaux-wagons-a-reserver\/k306tombereaustemi\/\" class=\"wp-image-2908\" srcset=\"https:\/\/www.amf87.fr\/blog\/wp-content\/uploads\/2023\/04\/k306tombereaustemi.jpg 800w, https:\/\/www.amf87.fr\/blog\/wp-content\/uploads\/2023\/04\/k306tombereaustemi-300x122.jpg 300w, https:\/\/www.amf87.fr\/blog\/wp-content\/uploads\/2023\/04\/k306tombereaustemi-768x313.jpg 768w\" sizes=\"(max-width: 767px) 89vw, (max-width: 1000px) 54vw, (max-width: 1071px) 543px, 580px\" \/><\/figure><\/li><li class=\"blocks-gallery-item\"><figure><img loading=\"lazy\" width=\"575\" height=\"179\" src=\"https:\/\/www.amf87.fr\/blog\/wp-content\/uploads\/2023\/11\/k308platusatc.jpg\" alt=\"\" data-id=\"2999\" data-full-url=\"https:\/\/www.amf87.fr\/blog\/wp-content\/uploads\/2023\/11\/k308platusatc.jpg\" data-link=\"https:\/\/www.amf87.fr\/blog\/2023\/11\/01\/programme-2024\/k308platusatc\/\" class=\"wp-image-2999\" srcset=\"https:\/\/www.amf87.fr\/blog\/wp-content\/uploads\/2023\/11\/k308platusatc.jpg 575w, https:\/\/www.amf87.fr\/blog\/wp-content\/uploads\/2023\/11\/k308platusatc-300x93.jpg 300w\" sizes=\"(max-width: 575px) 100vw, 575px\" \/><\/figure><\/li><\/ul><\/figure>\n\n\n\n<p>Le plat USA-TC est quant \u00e0 lui r\u00e9alisable en 2 versions, ridelles fixes et ridelles partiellement rabattables, livr\u00e9 par d\u00e9faut avec tampons type \u00ab\u00a0USA\u00a0\u00bb remplac\u00e9s par des OCEM sur simple demande \u00e0 la commande. Outre les versions SNCF \u00e9p3 et 4, une version DB \u00e9poque 3 sera possible, pour une version DB \u00e9p4 je recherche de toute urgence les num\u00e9ros UIC! Je cherche aussi des photos de ces wagons en livr\u00e9e USA-TC tels qu&rsquo;ils sont arriv\u00e9s en Europe, merci d&rsquo;avance \u00e0 ceux qui auraient ces documents!<\/p>\n\n\n\n<h2>Les 050TE 5000 et 5500 Midi et Pacific S16 AL  <\/h2>\n\n\n\n<p>Retour sur ces machines rest\u00e9es un peu trop longtemps en stand&rsquo;by tant les choses se sont bouscul\u00e9es avec les travaux et le d\u00e9m\u00e9nagement et les nombreuses choses qui sont venues s&rsquo;immiscer ces derniers mois.<\/p>\n\n\n\n<p>Les dessins des 3D des fonderies des 5000\/5500 sont termin\u00e9s et partent en impression, des r\u00e9ception, elles seront pr\u00e9par\u00e9es et confi\u00e9es au fondeur pour mise en production de s\u00e9rie. Ceux de la S16 vont suivre de pr\u00e8s le m\u00eame chemin. Une fois re\u00e7ues, les dessins des photodec seront mis en ad\u00e9quation avec les \u00e9ventuels retraits de fonderies. Encore 2 \u00e0 3 mois \u00e0 patienter avant le d\u00e9but des livraisons.<\/p>\n\n\n\n<p>En voici une petite s\u00e9lection, notez que pour les 050, j&rsquo;ai veill\u00e9 \u00e0 r\u00e9aliser les deux types de d\u00f4mes vapeur, bomb\u00e9 et plat, sabli\u00e8res rondes et carr\u00e9es, la sabli\u00e8re en t\u00f4le (non illustr\u00e9e ici) qui \u00e9quipait certaines machines SNCF n&rsquo;a pas \u00e9t\u00e9 oubli\u00e9e, porte de boite \u00e0 fum\u00e9e d&rsquo;origine et porte modifi\u00e9e \u00e0 \u00e9tanch\u00e9it\u00e9 renforc\u00e9e, habillage des blocs cylindres. De nombreuses autres pi\u00e8ces de fonderies composeront ce kit et des habillages photograv\u00e9s permettront de reproduire diff\u00e9rentes versions de soutes \u00e0 eau.<\/p>\n\n\n\n<figure class=\"wp-block-image size-large\"><img loading=\"lazy\" width=\"588\" height=\"800\" src=\"https:\/\/www.amf87.fr\/blog\/wp-content\/uploads\/2024\/02\/k0373d050te.jpg\" alt=\"\" class=\"wp-image-3012\" srcset=\"https:\/\/www.amf87.fr\/blog\/wp-content\/uploads\/2024\/02\/k0373d050te.jpg 588w, https:\/\/www.amf87.fr\/blog\/wp-content\/uploads\/2024\/02\/k0373d050te-221x300.jpg 221w\" sizes=\"(max-width: 588px) 100vw, 588px\" \/><\/figure>\n\n\n\n<p>La S16 avance elle aussi, une partie des 3D sont faites, le dome est quasiment identique \u00e0 celui de la 242A1, une belle pi\u00e8ce \u00e0 r\u00e9aliser en fonderie!<\/p>\n\n\n\n<figure class=\"wp-block-image size-large\"><img loading=\"lazy\" width=\"800\" height=\"363\" src=\"https:\/\/www.amf87.fr\/blog\/wp-content\/uploads\/2024\/02\/k0383ds16.jpg\" alt=\"\" class=\"wp-image-3013\" srcset=\"https:\/\/www.amf87.fr\/blog\/wp-content\/uploads\/2024\/02\/k0383ds16.jpg 800w, https:\/\/www.amf87.fr\/blog\/wp-content\/uploads\/2024\/02\/k0383ds16-300x136.jpg 300w, https:\/\/www.amf87.fr\/blog\/wp-content\/uploads\/2024\/02\/k0383ds16-768x348.jpg 768w\" sizes=\"(max-width: 767px) 89vw, (max-width: 1000px) 54vw, (max-width: 1071px) 543px, 580px\" \/><\/figure>\n\n\n\n<p>La porte de boite \u00e0 fum\u00e9e et les ballonnets ACFI seront ceux r\u00e9alis\u00e9s par M\u00e9canic Trains pour \u00e9quiper les S16 qu&rsquo;il a construites int\u00e9gralement ainsi que celles de Jean Buchmann. Le tender quant \u00e0 lui reprend tous les \u00e9l\u00e9ments du tender 34A1 de la 242A1 \u00e0 la diff\u00e9rence de hauteur pr\u00e8s du \u00ab\u00a0cul\u00a0\u00bb du tender qui n\u00e9cessite un nouveau moule. Je r\u00e9illustre le 34A1 pour montrer \u00e0 quoi ce tender va ressembler, \u00e0 la hauteur de caisse pr\u00e8s:<\/p>\n\n\n\n<figure class=\"wp-block-gallery columns-2 is-cropped\"><ul class=\"blocks-gallery-grid\"><li class=\"blocks-gallery-item\"><figure><img loading=\"lazy\" width=\"787\" height=\"800\" src=\"https:\/\/www.amf87.fr\/blog\/wp-content\/uploads\/2021\/03\/k032tender5proto.jpg\" alt=\"\" data-id=\"2073\" data-full-url=\"https:\/\/www.amf87.fr\/blog\/wp-content\/uploads\/2021\/03\/k032tender5proto.jpg\" data-link=\"https:\/\/www.amf87.fr\/blog\/2021\/03\/19\/242a1-phase-finale-et-rappel-atlantic-sacm\/k032tender5proto\/\" class=\"wp-image-2073\" srcset=\"https:\/\/www.amf87.fr\/blog\/wp-content\/uploads\/2021\/03\/k032tender5proto.jpg 787w, https:\/\/www.amf87.fr\/blog\/wp-content\/uploads\/2021\/03\/k032tender5proto-295x300.jpg 295w, https:\/\/www.amf87.fr\/blog\/wp-content\/uploads\/2021\/03\/k032tender5proto-768x781.jpg 768w\" sizes=\"(max-width: 767px) 89vw, (max-width: 1000px) 54vw, (max-width: 1071px) 543px, 580px\" \/><\/figure><\/li><li class=\"blocks-gallery-item\"><figure><img loading=\"lazy\" width=\"800\" height=\"480\" src=\"https:\/\/www.amf87.fr\/blog\/wp-content\/uploads\/2021\/03\/k032tender4proto.jpg\" alt=\"\" data-id=\"2074\" data-full-url=\"https:\/\/www.amf87.fr\/blog\/wp-content\/uploads\/2021\/03\/k032tender4proto.jpg\" data-link=\"https:\/\/www.amf87.fr\/blog\/2021\/03\/19\/242a1-phase-finale-et-rappel-atlantic-sacm\/k032tender4proto\/\" class=\"wp-image-2074\" srcset=\"https:\/\/www.amf87.fr\/blog\/wp-content\/uploads\/2021\/03\/k032tender4proto.jpg 800w, https:\/\/www.amf87.fr\/blog\/wp-content\/uploads\/2021\/03\/k032tender4proto-300x180.jpg 300w, https:\/\/www.amf87.fr\/blog\/wp-content\/uploads\/2021\/03\/k032tender4proto-768x461.jpg 768w\" sizes=\"(max-width: 767px) 89vw, (max-width: 1000px) 54vw, (max-width: 1071px) 543px, 580px\" \/><\/figure><\/li><li class=\"blocks-gallery-item\"><figure><img loading=\"lazy\" width=\"800\" height=\"539\" src=\"https:\/\/www.amf87.fr\/blog\/wp-content\/uploads\/2021\/03\/k032tender3proto.jpg\" alt=\"\" data-id=\"2075\" data-full-url=\"https:\/\/www.amf87.fr\/blog\/wp-content\/uploads\/2021\/03\/k032tender3proto.jpg\" data-link=\"https:\/\/www.amf87.fr\/blog\/2021\/03\/19\/242a1-phase-finale-et-rappel-atlantic-sacm\/k032tender3proto\/\" class=\"wp-image-2075\" srcset=\"https:\/\/www.amf87.fr\/blog\/wp-content\/uploads\/2021\/03\/k032tender3proto.jpg 800w, https:\/\/www.amf87.fr\/blog\/wp-content\/uploads\/2021\/03\/k032tender3proto-300x202.jpg 300w, https:\/\/www.amf87.fr\/blog\/wp-content\/uploads\/2021\/03\/k032tender3proto-768x517.jpg 768w\" sizes=\"(max-width: 767px) 89vw, (max-width: 1000px) 54vw, (max-width: 1071px) 543px, 580px\" \/><\/figure><\/li><li class=\"blocks-gallery-item\"><figure><img loading=\"lazy\" width=\"800\" height=\"740\" src=\"https:\/\/www.amf87.fr\/blog\/wp-content\/uploads\/2021\/03\/k032tender2proto.jpg\" alt=\"\" data-id=\"2076\" data-full-url=\"https:\/\/www.amf87.fr\/blog\/wp-content\/uploads\/2021\/03\/k032tender2proto.jpg\" data-link=\"https:\/\/www.amf87.fr\/blog\/2021\/03\/19\/242a1-phase-finale-et-rappel-atlantic-sacm\/k032tender2proto\/\" class=\"wp-image-2076\" srcset=\"https:\/\/www.amf87.fr\/blog\/wp-content\/uploads\/2021\/03\/k032tender2proto.jpg 800w, https:\/\/www.amf87.fr\/blog\/wp-content\/uploads\/2021\/03\/k032tender2proto-300x278.jpg 300w, https:\/\/www.amf87.fr\/blog\/wp-content\/uploads\/2021\/03\/k032tender2proto-768x710.jpg 768w\" sizes=\"(max-width: 767px) 89vw, (max-width: 1000px) 54vw, (max-width: 1071px) 543px, 580px\" \/><\/figure><\/li><li class=\"blocks-gallery-item\"><figure><img loading=\"lazy\" width=\"496\" height=\"600\" src=\"https:\/\/www.amf87.fr\/blog\/wp-content\/uploads\/2021\/03\/k032tender1proto.jpg\" alt=\"\" data-id=\"2077\" data-full-url=\"https:\/\/www.amf87.fr\/blog\/wp-content\/uploads\/2021\/03\/k032tender1proto.jpg\" data-link=\"https:\/\/www.amf87.fr\/blog\/2021\/03\/19\/242a1-phase-finale-et-rappel-atlantic-sacm\/k032tender1proto\/\" class=\"wp-image-2077\" srcset=\"https:\/\/www.amf87.fr\/blog\/wp-content\/uploads\/2021\/03\/k032tender1proto.jpg 496w, https:\/\/www.amf87.fr\/blog\/wp-content\/uploads\/2021\/03\/k032tender1proto-248x300.jpg 248w\" sizes=\"(max-width: 496px) 100vw, 496px\" \/><\/figure><\/li><\/ul><\/figure>\n\n\n\n<h2>Et pour le reste?<\/h2>\n\n\n\n<p>Une planche de decalcs pour EAD Basse Normandie \u00e0 r\u00e9aliser sur base Jouef Loisirs (version \u00e0 toiture nervur\u00e9e) est disponible. Elle permet donc de r\u00e9aliser cet autorail apr\u00e8s avoir modifi\u00e9 la motrice de l&rsquo;autorail par suppression d&rsquo;une porte par face (il faut une caisse donneuse, r\u00e9cup\u00e9r\u00e9e par exemple si vous avez r\u00e9alis\u00e9 un EAD Postal avec mon transkit) et la remorque en bouchant une des petites baies pr\u00e8s de l&rsquo;intercirculation (celle oppos\u00e9e aux WC qui correspondait en r\u00e9alit\u00e9 \u00e0 l&rsquo;espace bar).<\/p>\n\n\n\n<figure class=\"wp-block-gallery columns-1 is-cropped\"><ul class=\"blocks-gallery-grid\"><li class=\"blocks-gallery-item\"><figure><img loading=\"lazy\" width=\"800\" height=\"402\" src=\"https:\/\/www.amf87.fr\/blog\/wp-content\/uploads\/2024\/02\/d814avdroite.jpg\" alt=\"\" data-id=\"3016\" data-full-url=\"https:\/\/www.amf87.fr\/blog\/wp-content\/uploads\/2024\/02\/d814avdroite.jpg\" data-link=\"https:\/\/www.amf87.fr\/blog\/?attachment_id=3016\" class=\"wp-image-3016\" srcset=\"https:\/\/www.amf87.fr\/blog\/wp-content\/uploads\/2024\/02\/d814avdroite.jpg 800w, https:\/\/www.amf87.fr\/blog\/wp-content\/uploads\/2024\/02\/d814avdroite-300x151.jpg 300w, https:\/\/www.amf87.fr\/blog\/wp-content\/uploads\/2024\/02\/d814avdroite-768x386.jpg 768w\" sizes=\"(max-width: 767px) 89vw, (max-width: 1000px) 54vw, (max-width: 1071px) 543px, 580px\" \/><\/figure><\/li><li class=\"blocks-gallery-item\"><figure><img loading=\"lazy\" width=\"773\" height=\"800\" src=\"https:\/\/www.amf87.fr\/blog\/wp-content\/uploads\/2024\/02\/d814avant.jpg\" alt=\"\" data-id=\"3015\" data-full-url=\"https:\/\/www.amf87.fr\/blog\/wp-content\/uploads\/2024\/02\/d814avant.jpg\" data-link=\"https:\/\/www.amf87.fr\/blog\/?attachment_id=3015\" class=\"wp-image-3015\" srcset=\"https:\/\/www.amf87.fr\/blog\/wp-content\/uploads\/2024\/02\/d814avant.jpg 773w, https:\/\/www.amf87.fr\/blog\/wp-content\/uploads\/2024\/02\/d814avant-290x300.jpg 290w, https:\/\/www.amf87.fr\/blog\/wp-content\/uploads\/2024\/02\/d814avant-768x795.jpg 768w\" sizes=\"(max-width: 767px) 89vw, (max-width: 1000px) 54vw, (max-width: 1071px) 543px, 580px\" \/><\/figure><\/li><li class=\"blocks-gallery-item\"><figure><img loading=\"lazy\" width=\"800\" height=\"600\" src=\"https:\/\/www.amf87.fr\/blog\/wp-content\/uploads\/2024\/02\/d814argauche.jpg\" alt=\"\" data-id=\"3014\" data-full-url=\"https:\/\/www.amf87.fr\/blog\/wp-content\/uploads\/2024\/02\/d814argauche.jpg\" data-link=\"https:\/\/www.amf87.fr\/blog\/?attachment_id=3014\" class=\"wp-image-3014\" srcset=\"https:\/\/www.amf87.fr\/blog\/wp-content\/uploads\/2024\/02\/d814argauche.jpg 800w, https:\/\/www.amf87.fr\/blog\/wp-content\/uploads\/2024\/02\/d814argauche-300x225.jpg 300w, https:\/\/www.amf87.fr\/blog\/wp-content\/uploads\/2024\/02\/d814argauche-768x576.jpg 768w\" sizes=\"(max-width: 767px) 89vw, (max-width: 1000px) 54vw, (max-width: 1071px) 543px, 580px\" \/><\/figure><\/li><li class=\"blocks-gallery-item\"><figure><img loading=\"lazy\" width=\"1024\" height=\"329\" src=\"https:\/\/www.amf87.fr\/blog\/wp-content\/uploads\/2024\/02\/d814eadbassenorm-1024x329.jpg\" alt=\"\" data-id=\"3017\" data-full-url=\"https:\/\/www.amf87.fr\/blog\/wp-content\/uploads\/2024\/02\/d814eadbassenorm.jpg\" data-link=\"https:\/\/www.amf87.fr\/blog\/?attachment_id=3017\" class=\"wp-image-3017\" srcset=\"https:\/\/www.amf87.fr\/blog\/wp-content\/uploads\/2024\/02\/d814eadbassenorm-1024x329.jpg 1024w, https:\/\/www.amf87.fr\/blog\/wp-content\/uploads\/2024\/02\/d814eadbassenorm-300x96.jpg 300w, https:\/\/www.amf87.fr\/blog\/wp-content\/uploads\/2024\/02\/d814eadbassenorm-768x247.jpg 768w, https:\/\/www.amf87.fr\/blog\/wp-content\/uploads\/2024\/02\/d814eadbassenorm.jpg 1106w\" sizes=\"(max-width: 767px) 89vw, (max-width: 1000px) 54vw, (max-width: 1071px) 543px, 580px\" \/><\/figure><\/li><\/ul><\/figure>\n\n\n\n<p>Les teintes \u00e0 utiliser sont le jaune bouton d&rsquo;or 411, du gris ciment 804 et du gris ardoise 807. Toutes disponibles dans la gamme Railcolor A\u00e9ro et Rail&rsquo;Spray en bombe.<\/p>\n\n\n\n<p>Niveau peinture justement, suite \u00e0 des demandes assez r\u00e9currentes, vont sortir sous peu trois nouvelles teintes, dans un premier temps dans la gamme hydro&rsquo;cell: brun traverses fonc\u00e9, brun traverses clair et orange terre cuite le tout en mat profond cela va de soi. Ces teintes suivront dans la foul\u00e9e en gamme nitro \u00e0 solvant en pot et en bombe le temps d&rsquo;avoir un r\u00e9assort \u00e0 mettre en production.<\/p>\n\n\n\n<p>En fonderie, une fabrication est attendue l\u00e0 aussi avec donc les tampons USA-TC \u00e0 plateau rond et les tampons Etat qui correspondent aux tampons des 140C anciens r\u00e9seaux et aussi \u00e0 bon nombre de machines anciennes de ce r\u00e9seau (Pacific TP, diverses 230, 140 Alco&#8230;), suivra pour le tirage suivant un \u00e9chappement Lemaitre de 230D Nord pour remplacer le Model Loco pour le moins fantaisiste.<\/p>\n\n\n\n<figure class=\"wp-block-image size-large\"><img loading=\"lazy\" width=\"640\" height=\"412\" src=\"https:\/\/www.amf87.fr\/blog\/wp-content\/uploads\/2024\/02\/a443tamponsetatvisuv2.jpg\" alt=\"\" class=\"wp-image-3018\" srcset=\"https:\/\/www.amf87.fr\/blog\/wp-content\/uploads\/2024\/02\/a443tamponsetatvisuv2.jpg 640w, https:\/\/www.amf87.fr\/blog\/wp-content\/uploads\/2024\/02\/a443tamponsetatvisuv2-300x193.jpg 300w\" sizes=\"(max-width: 640px) 100vw, 640px\" \/><\/figure>\n\n\n\n<p>Un petit mot concernant ma participation aux expos cette ann\u00e9e. Je ne participe pas au RAMMA de Sedan qui a lieu cette ann\u00e9e \u00e0 la mi juin, je consid\u00e8re qu&rsquo;\u00e0 cette date les ventes ne seront pas suffisantes pour payer les frais de d\u00e9placement et d\u2019h\u00e9bergement, ces frais \u00e9tant \u00e0 peine couverts lorsque l&rsquo;expo \u00e0 lieu \u00e0 l&rsquo;automne qui est une p\u00e9riode bien plus propice au mod\u00e9lisme. Les deux autres expositions phare de cette ann\u00e9e sont Orl\u00e9ans et Railexpo, faire les deux n&rsquo;est pas envisageable financi\u00e8rement (et physiquement). La participation \u00e0 Orl\u00e9ans se r\u00e9v\u00e8le tr\u00e8s on\u00e9reuse, cumul\u00e9 aux frais de d\u00e9placement et d\u2019h\u00e9bergement pour 3 jours d&rsquo;expo, s&rsquo;ajoute \u00e0 cela la curieuse id\u00e9e de faire une nocturne le vendredi qui ajouterai de la fatigue \u00e0 la fatigue. Certes l&rsquo;intention peut paraitre louable, mais lorsqu&rsquo;on vient de loin (plus de 500km) et qu&rsquo;on a un gros stand \u00e0 installer du jeudi et \u00e0 tenir durant 3 jours, c&rsquo;est beaucoup trop m\u00eame si je ne doute pas de la pr\u00e9sence de nombre d&rsquo;entre vous. Ce sera donc, sous r\u00e9serve d&rsquo;acceptation de mon dossier, un retour \u00e0 Railexpo sous r\u00e9serve que ma m\u00e8re soit suffisamment en forme pour m&rsquo;accompagner, mon \u00e9pouse ne pouvant pas se lib\u00e9rer de ses occupation professionnelles&#8230; J&rsquo;y reviendrai en temps voulu.<\/p>\n","protected":false},"excerpt":{"rendered":"<p>Apr\u00e8s un mois de janvier bien contrari\u00e9 avec une capsulite \u00e0 l&rsquo;\u00e9paule droite qui m&rsquo;a immobilis\u00e9 le bras. Un grand merci \u00e0 tous pour vos messages d&rsquo;encouragement et de r\u00e9tablissement. Le bonhomme semble remis sur les rails malgr\u00e9 encore un peu de fatigue&#8230; quasiment tous les retards ont \u00e9t\u00e9 r\u00e9sorb\u00e9, reste encore \u00e0 r\u00e9assortir quelques &hellip; <\/p>\n<p class=\"link-more\"><a href=\"https:\/\/www.amf87.fr\/blog\/2024\/02\/10\/quoi-de-neuf-ces-dernieres-semaines\/\" class=\"more-link\">Continuer la lecture<span class=\"screen-reader-text\"> de &laquo;&nbsp;Quoi de neuf ces derni\u00e8res semaines?&nbsp;&raquo;<\/span><\/a><\/p>\n","protected":false},"author":1,"featured_media":3015,"comment_status":"closed","ping_status":"open","sticky":false,"template":"","format":"standard","meta":[],"categories":[1],"tags":[],"_links":{"self":[{"href":"https:\/\/www.amf87.fr\/blog\/wp-json\/wp\/v2\/posts\/3009"}],"collection":[{"href":"https:\/\/www.amf87.fr\/blog\/wp-json\/wp\/v2\/posts"}],"about":[{"href":"https:\/\/www.amf87.fr\/blog\/wp-json\/wp\/v2\/types\/post"}],"author":[{"embeddable":true,"href":"https:\/\/www.amf87.fr\/blog\/wp-json\/wp\/v2\/users\/1"}],"replies":[{"embeddable":true,"href":"https:\/\/www.amf87.fr\/blog\/wp-json\/wp\/v2\/comments?post=3009"}],"version-history":[{"count":1,"href":"https:\/\/www.amf87.fr\/blog\/wp-json\/wp\/v2\/posts\/3009\/revisions"}],"predecessor-version":[{"id":3019,"href":"https:\/\/www.amf87.fr\/blog\/wp-json\/wp\/v2\/posts\/3009\/revisions\/3019"}],"wp:featuredmedia":[{"embeddable":true,"href":"https:\/\/www.amf87.fr\/blog\/wp-json\/wp\/v2\/media\/3015"}],"wp:attachment":[{"href":"https:\/\/www.amf87.fr\/blog\/wp-json\/wp\/v2\/media?parent=3009"}],"wp:term":[{"taxonomy":"category","embeddable":true,"href":"https:\/\/www.amf87.fr\/blog\/wp-json\/wp\/v2\/categories?post=3009"},{"taxonomy":"post_tag","embeddable":true,"href":"https:\/\/www.amf87.fr\/blog\/wp-json\/wp\/v2\/tags?post=3009"}],"curies":[{"name":"wp","href":"https:\/\/api.w.org\/{rel}","templated":true}]}}